{"id":5315,"date":"2021-04-24T11:00:00","date_gmt":"2021-04-24T09:00:00","guid":{"rendered":"https:\/\/blog.ggmgastro.com\/?p=5315"},"modified":"2021-04-23T13:57:43","modified_gmt":"2021-04-23T11:57:43","slug":"avocado-nur-ein-trend-oder-was-steckt-tatsaechlich-dahinter-fakten-ueber-das-beliebte-superfood","status":"publish","type":"post","link":"https:\/\/blog.ggmgastro.com\/en\/2021\/04\/24\/avocado-nur-ein-trend-oder-was-steckt-tatsaechlich-dahinter-fakten-ueber-das-beliebte-superfood\/","title":{"rendered":"Avocado \u2013 Nur ein Trend oder was steckt tats\u00e4chlich dahinter? Fakten \u00fcber das beliebte Superfood"},"content":{"rendered":"\t\t<div data-elementor-type=\"wp-post\" data-elementor-id=\"5315\" class=\"elementor elementor-5315\" data-elementor-settings=\"[]\">\n\t\t\t\t\t\t<div class=\"elementor-inner\">\n\t\t\t\t\t\t\t<div class=\"elementor-section-wrap\">\n\t\t\t\t\t\t\t<section class=\"has_eae_slider elementor-section elementor-top-section elementor-element elementor-element-3d48b47 elementor-section-boxed elementor-section-height-default elementor-section-height-default\" data-id=\"3d48b47\" data-element_type=\"section\">\n\t\t\t\t\t\t<div class=\"elementor-container elementor-column-gap-default\">\n\t\t\t\t\t\t\t<div class=\"elementor-row\">\n\t\t\t\t\t<div class=\"has_eae_slider elementor-column elementor-col-100 elementor-top-column elementor-element elementor-element-13889064\" data-id=\"13889064\" data-element_type=\"column\">\n\t\t\t<div class=\"elementor-column-wrap elementor-element-populated\">\n\t\t\t\t\t\t\t<div class=\"elementor-widget-wrap\">\n\t\t\t\t\t\t<div class=\"elementor-element elementor-element-54fcb369 elementor-widget elementor-widget-text-editor\" data-id=\"54fcb369\" data-element_type=\"widget\" data-widget_type=\"text-editor.default\">\n\t\t\t\t<div class=\"elementor-widget-container\">\n\t\t\t\t\t<div class=\"elementor-text-editor elementor-clearfix\"><!-- wp:paragraph -->\n<p><strong>Die Avocado ist in allermunde. Im Supermarkt ist das kleine Superfood inzwischen \u00fcberall erh\u00e4ltlich. Auch auf den Speisekarten von Restaurants und Caf\u00e9s nehmen die Gerichte mit Avocado stetig zu. Doch was steckt tats\u00e4chlich unter der Schale? <\/strong><\/p>\n<!-- \/wp:paragraph --><!-- wp:columns -->\n<div class=\"wp-block-columns\"><!-- wp:column -->\n<div class=\"wp-block-column\"><!-- wp:heading -->\n<h2>Was genau ist die Avocado?<\/h2>\n<!-- \/wp:heading --><!-- wp:paragraph -->\n<p>Ist sie eine Frucht? Ist sie ein Gem\u00fcse? &#8211; Oftmals findet man die Avocado im Supermarkt beim Gem\u00fcse und auch in vielen K\u00f6pfen z\u00e4hlt sie sicherlich zur Gruppe des Gem\u00fcses. Doch strenggenommen, ist die Avocado ein Obst. Die Avocado geh\u00f6rt zur Familie der Lorbeergew\u00e4chse. Tats\u00e4chlich ist sie eine Beere und z\u00e4hlt somit zum Obst<\/p>\n<!-- \/wp:paragraph --><!-- wp:heading -->\n<h2>Was macht die Avocado zum Superfood?<\/h2>\n<!-- \/wp:heading --><!-- wp:paragraph -->\n<p>F\u00fcr eine Beere weisen Avocados einen erstaunlich hohen Fettanteil auf. Auf 100g kommen etwa 13g Fett und 130kcal. Entscheidend ist hierbei jedoch, dass es sich dabei in erster Linie (etwa 10g) um unges\u00e4ttigte Fetts\u00e4uren handelt. Im Vergleich zu den ges\u00e4ttigten Fetts\u00e4uren, werden diese tendenziell weniger als K\u00f6rperfett abgespeichert. Zudem sorgen sie daf\u00fcr, den Fettstoffwechsel anzuregen. Die Omega-3-Fetts\u00e4uren und die Linolens\u00e4ure tragen dazu bei, den Cholesterinspiegel in Balance zu halten, unterst\u00fctzen den Kreislauf und sind essenziell wichtig, um die Funktionen des Gehirns und allgemein des Immunsystems zu gew\u00e4hrleisten. Auch die zahlreichen Vitamine, wie Vitamin A, B, C, D, E und K sowie die Ballaststoffe der Avocado unterst\u00fctzen die Gesundheit und sorgen gegen Risiken vor. Auch \u00fcber Kalium und Magnesium verf\u00fcgt das Superfood in nennenswerten Mengen und tut somit auch etwas f\u00fcr unsere Nerven und Muskeln. Avocados wird grunds\u00e4tzlich eine entz\u00fcndungsreduzierende Wirkung nachgesagt.<\/p>\n<!-- \/wp:paragraph --><!-- wp:image {\"id\":5317,\"sizeSlug\":\"large\"} -->\n<figure class=\"wp-block-image size-large\"><img loading=\"lazy\" width=\"1024\" height=\"683\" class=\"wp-image-5317\" src=\"https:\/\/blog.ggmgastro.com\/wp-content\/uploads\/2021\/04\/wimber-cancho-MXeIRZQ5kh8-unsplash-1024x683.jpg\" alt=\"\" srcset=\"https:\/\/blog.ggmgastro.com\/en\/wp-content\/uploads\/sites\/10\/2021\/04\/wimber-cancho-MXeIRZQ5kh8-unsplash-1024x683.jpg 1024w, https:\/\/blog.ggmgastro.com\/en\/wp-content\/uploads\/sites\/10\/2021\/04\/wimber-cancho-MXeIRZQ5kh8-unsplash-300x200.jpg 300w, https:\/\/blog.ggmgastro.com\/en\/wp-content\/uploads\/sites\/10\/2021\/04\/wimber-cancho-MXeIRZQ5kh8-unsplash-768x512.jpg 768w, https:\/\/blog.ggmgastro.com\/en\/wp-content\/uploads\/sites\/10\/2021\/04\/wimber-cancho-MXeIRZQ5kh8-unsplash.jpg 1500w\" sizes=\"(max-width: 1024px) 100vw, 1024px\" \/><\/figure>\n<!-- \/wp:image --><!-- wp:heading -->\n<h2>Schon gewusst?<\/h2>\n<!-- \/wp:heading --><!-- wp:list -->\n<ul>\n<li>Fr\u00fcher wurde die Avocado als Butterersatz verwendet.<\/li>\n<li>Avocado soll auch beim Thema Anti-Aging behilflich sein.<\/li>\n<\/ul>\n<!-- \/wp:list --><\/div>\n<!-- \/wp:column --><!-- wp:column -->\n<div class=\"wp-block-column\"><!-- wp:list -->\n<ul>\n<li>Auch f\u00fcr andere Beauty-Ma\u00dfnahmen wird die Super-Frucht gerne herangezogen, z.B. f\u00fcr eine ganz nat\u00fcrliche, selbst gemachte Haarkur:\n<ul>\n<li>Fruchtfleisch der Avocado mit zwei L\u00f6ffeln \u00d6l und einem L\u00f6ffel Honig mischen<\/li>\n<\/ul>\n<ul>\n<li>Einmassieren und nach 10 Minuten aussp\u00fclen. Fertig!<\/li>\n<\/ul>\n<\/li>\n<li>Auch gegen Mundgeruch empfiehlt sich angeblich der Griff in die Obstkiste, in die die Avocado ja geh\u00f6rt, wie wir jetzt wissen!<\/li>\n<li>Avocados verf\u00e4rben sich, sobald sie angeschnitten sind. Das bedeutet nicht direkt, dass sie nicht mehr gut sind, sondern das liegt daran, dass die Zellw\u00e4nde beim Schneiden besch\u00e4digt werden und durch die, dadurch ausgel\u00f6ste Oxidierung dann eine andere Farbe entsteht. Entgegenwirken kann man diesem Prozess ein wenig, mit Hilfe von Zitronen oder anderen Lebensmitteln, die S\u00e4ure enthalten.<\/li>\n<li>Der Reifeprozess kann beschleunigt werden, indem man die Avocado, in Zeitungspapier eingewickelt, neben anderes Obst legt.<\/li>\n<li>Wenn man eine reife Avocado sch\u00fcttelt, merkt man ganz leicht, wie sich der Kern im Inneren etwas bewegt.<\/li>\n<\/ul>\n<p>\u00a0<\/p>\n<!-- \/wp:list --><!-- wp:heading -->\n<h2>Die Kehrseite der Medaille<\/h2>\n<!-- \/wp:heading --><!-- wp:paragraph -->\n<p>Man sollte jedoch darauf achten, sich von dem Superfood nicht komplett blenden zu lassen. Nat\u00fcrlich hat die Frucht viele tolle Eigenschaften f\u00fcr unseren K\u00f6rper und schmeckt zudem auch noch sehr gut, allerdings hat der Anbau und Transport auch einige Nachteile. Die B\u00e4ume, an denen die Beeren wachsen, bevorzugen ein eher tropisches Klima. Gleichzeitig ben\u00f6tigen sie wirklich gro\u00dfe Mengen an Wasser. Bei Avocados macht es deshalb besonders viel Sinn, zur Bio-Variante zu greifen. Bei dem Anbau von Bio-Avocados wird auf eine nachhaltige Wasserversorgung geachtet und CO\u00b2-Emissionen durch den Transport so gering wie m\u00f6glich gehalten.<\/p>\n<!-- \/wp:paragraph --><!-- wp:paragraph -->\n<p>Also, wenn du verst\u00e4ndlicherweise Gerichte mit Avocado auf deiner Speisekarte aufnehmen m\u00f6chtest, solltest du definitiv darauf achten, in welchen Mengen du Avocados in deinem Angebot anbietest und vor allem, woher du sie beziehst!<\/p>\n<!-- \/wp:paragraph --><!-- wp:freeform -->\n<p><!--EndFragment--><br \/><br \/><\/p>\n<!-- \/wp:freeform --><\/div>\n<!-- \/wp:column --><\/div>\n<!-- \/wp:columns --><!-- wp:image -->\n<figure class=\"wp-block-image\"><img alt=\"\" \/><\/figure>\n<!-- \/wp:image --><\/div>\n\t\t\t\t<\/div>\n\t\t\t\t<\/div>\n\t\t\t\t\t\t<\/div>\n\t\t\t\t\t<\/div>\n\t\t<\/div>\n\t\t\t\t\t\t\t\t<\/div>\n\t\t\t\t\t<\/div>\n\t\t<\/section>\n\t\t\t\t\t\t<\/div>\n\t\t\t\t\t\t<\/div>\n\t\t\t\t\t<\/div>\n\t\t","protected":false},"excerpt":{"rendered":"<p>Die Avocado ist in allermunde. Im Supermarkt ist das kleine Superfood inzwischen \u00fcberall erh\u00e4ltlich. Auch auf den Speisekarten von Restaurants und Caf\u00e9s nehmen die Gerichte mit Avocado stetig zu. Doch was steckt tats\u00e4chlich unter der Schale? Was genau ist die Avocado? Ist sie eine Frucht? Ist sie ein Gem\u00fcse? &#8211; Oftmals findet man die Avocado [&hellip;]<\/p>\n","protected":false},"author":7,"featured_media":5319,"comment_status":"open","ping_status":"open","sticky":false,"template":"","format":"standard","meta":[],"categories":[1,73],"tags":[971,368,154,1184,390,134,504,1185,159,118,109,292],"yoast_head":"<!-- This site is optimized with the Yoast SEO plugin v18.3 - https:\/\/yoast.com\/wordpress\/plugins\/seo\/ -->\n<title>Avocado \u2013 Nur ein Trend oder was steckt tats\u00e4chlich dahinter? Fakten \u00fcber das beliebte Superfood - Blog - GGM Gastro International EN<\/title>\n<meta name=\"robots\" content=\"index, follow, max-snippet:-1, max-image-preview:large, max-video-preview:-1\" \/>\n<link rel=\"canonical\" href=\"https:\/\/blog.ggmgastro.com\/en\/2021\/04\/24\/avocado-nur-ein-trend-oder-was-steckt-tatsaechlich-dahinter-fakten-ueber-das-beliebte-superfood\/\" \/>\n<meta property=\"og:locale\" content=\"de_DE\" \/>\n<meta property=\"og:type\" content=\"article\" \/>\n<meta property=\"og:title\" content=\"Avocado \u2013 Nur ein Trend oder was steckt tats\u00e4chlich dahinter? Fakten \u00fcber das beliebte Superfood - Blog - GGM Gastro International EN\" \/>\n<meta property=\"og:description\" content=\"Die Avocado ist in allermunde. Im Supermarkt ist das kleine Superfood inzwischen \u00fcberall erh\u00e4ltlich. Auch auf den Speisekarten von Restaurants und Caf\u00e9s nehmen die Gerichte mit Avocado stetig zu. Doch was steckt tats\u00e4chlich unter der Schale? Was genau ist die Avocado? Ist sie eine Frucht? Ist sie ein Gem\u00fcse? &#8211; Oftmals findet man die Avocado [&hellip;]\" \/>\n<meta property=\"og:url\" content=\"https:\/\/blog.ggmgastro.com\/en\/2021\/04\/24\/avocado-nur-ein-trend-oder-was-steckt-tatsaechlich-dahinter-fakten-ueber-das-beliebte-superfood\/\" \/>\n<meta property=\"og:site_name\" content=\"Blog - GGM Gastro International EN\" \/>\n<meta property=\"article:published_time\" content=\"2021-04-24T09:00:00+00:00\" \/>\n<meta property=\"article:modified_time\" content=\"2021-04-23T11:57:43+00:00\" \/>\n<meta property=\"og:image\" content=\"https:\/\/blog.ggmgastro.com\/en\/wp-content\/uploads\/sites\/10\/2021\/04\/isabella-and-louisa-fischer-4L0KvF123mM-unsplash-scaled.jpg\" \/>\n\t<meta property=\"og:image:width\" content=\"1707\" \/>\n\t<meta property=\"og:image:height\" content=\"2560\" \/>\n\t<meta property=\"og:image:type\" content=\"image\/jpeg\" \/>\n<meta name=\"twitter:card\" content=\"summary_large_image\" \/>\n<meta name=\"twitter:label1\" content=\"Verfasst von\" \/>\n\t<meta name=\"twitter:data1\" content=\"Content Management 2\" \/>\n\t<meta name=\"twitter:label2\" content=\"Gesch\u00e4tzte Lesezeit\" \/>\n\t<meta name=\"twitter:data2\" content=\"3 Minuten\" \/>\n<script type=\"application\/ld+json\" class=\"yoast-schema-graph\">{\"@context\":\"https:\/\/schema.org\",\"@graph\":[{\"@type\":\"WebSite\",\"@id\":\"https:\/\/blog.ggmgastro.com\/en\/#website\",\"url\":\"https:\/\/blog.ggmgastro.com\/en\/\",\"name\":\"Blog - GGM Gastro International EN\",\"description\":\"Everything about gastronomy!\",\"potentialAction\":[{\"@type\":\"SearchAction\",\"target\":{\"@type\":\"EntryPoint\",\"urlTemplate\":\"https:\/\/blog.ggmgastro.com\/en\/?s={search_term_string}\"},\"query-input\":\"required name=search_term_string\"}],\"inLanguage\":\"de-DE\"},{\"@type\":\"ImageObject\",\"@id\":\"https:\/\/blog.ggmgastro.com\/en\/2021\/04\/24\/avocado-nur-ein-trend-oder-was-steckt-tatsaechlich-dahinter-fakten-ueber-das-beliebte-superfood\/#primaryimage\",\"inLanguage\":\"de-DE\",\"url\":\"https:\/\/blog.ggmgastro.com\/en\/wp-content\/uploads\/sites\/10\/2021\/04\/isabella-and-louisa-fischer-4L0KvF123mM-unsplash-scaled.jpg\",\"contentUrl\":\"https:\/\/blog.ggmgastro.com\/en\/wp-content\/uploads\/sites\/10\/2021\/04\/isabella-and-louisa-fischer-4L0KvF123mM-unsplash-scaled.jpg\",\"width\":1707,\"height\":2560},{\"@type\":\"WebPage\",\"@id\":\"https:\/\/blog.ggmgastro.com\/en\/2021\/04\/24\/avocado-nur-ein-trend-oder-was-steckt-tatsaechlich-dahinter-fakten-ueber-das-beliebte-superfood\/#webpage\",\"url\":\"https:\/\/blog.ggmgastro.com\/en\/2021\/04\/24\/avocado-nur-ein-trend-oder-was-steckt-tatsaechlich-dahinter-fakten-ueber-das-beliebte-superfood\/\",\"name\":\"Avocado \u2013 Nur ein Trend oder was steckt tats\u00e4chlich dahinter? Fakten \u00fcber das beliebte Superfood - Blog - GGM Gastro International EN\",\"isPartOf\":{\"@id\":\"https:\/\/blog.ggmgastro.com\/en\/#website\"},\"primaryImageOfPage\":{\"@id\":\"https:\/\/blog.ggmgastro.com\/en\/2021\/04\/24\/avocado-nur-ein-trend-oder-was-steckt-tatsaechlich-dahinter-fakten-ueber-das-beliebte-superfood\/#primaryimage\"},\"datePublished\":\"2021-04-24T09:00:00+00:00\",\"dateModified\":\"2021-04-23T11:57:43+00:00\",\"author\":{\"@id\":\"https:\/\/blog.ggmgastro.com\/en\/#\/schema\/person\/b9c6916d70ea180e7685eae40c5dd0ca\"},\"breadcrumb\":{\"@id\":\"https:\/\/blog.ggmgastro.com\/en\/2021\/04\/24\/avocado-nur-ein-trend-oder-was-steckt-tatsaechlich-dahinter-fakten-ueber-das-beliebte-superfood\/#breadcrumb\"},\"inLanguage\":\"de-DE\",\"potentialAction\":[{\"@type\":\"ReadAction\",\"target\":[\"https:\/\/blog.ggmgastro.com\/en\/2021\/04\/24\/avocado-nur-ein-trend-oder-was-steckt-tatsaechlich-dahinter-fakten-ueber-das-beliebte-superfood\/\"]}]},{\"@type\":\"BreadcrumbList\",\"@id\":\"https:\/\/blog.ggmgastro.com\/en\/2021\/04\/24\/avocado-nur-ein-trend-oder-was-steckt-tatsaechlich-dahinter-fakten-ueber-das-beliebte-superfood\/#breadcrumb\",\"itemListElement\":[{\"@type\":\"ListItem\",\"position\":1,\"name\":\"Startseite\",\"item\":\"https:\/\/blog.ggmgastro.com\/en\/\"},{\"@type\":\"ListItem\",\"position\":2,\"name\":\"Avocado \u2013 Nur ein Trend oder was steckt tats\u00e4chlich dahinter? Fakten \u00fcber das beliebte Superfood\"}]},{\"@type\":\"Person\",\"@id\":\"https:\/\/blog.ggmgastro.com\/en\/#\/schema\/person\/b9c6916d70ea180e7685eae40c5dd0ca\",\"name\":\"Content Management 2\",\"url\":\"https:\/\/blog.ggmgastro.com\/en\/author\/content-management-2\/\"}]}<\/script>\n<!-- \/ Yoast SEO plugin. -->","yoast_head_json":{"title":"Avocado \u2013 Nur ein Trend oder was steckt tats\u00e4chlich dahinter? Fakten \u00fcber das beliebte Superfood - Blog - GGM Gastro International EN","robots":{"index":"index","follow":"follow","max-snippet":"max-snippet:-1","max-image-preview":"max-image-preview:large","max-video-preview":"max-video-preview:-1"},"canonical":"https:\/\/blog.ggmgastro.com\/en\/2021\/04\/24\/avocado-nur-ein-trend-oder-was-steckt-tatsaechlich-dahinter-fakten-ueber-das-beliebte-superfood\/","og_locale":"de_DE","og_type":"article","og_title":"Avocado \u2013 Nur ein Trend oder was steckt tats\u00e4chlich dahinter? Fakten \u00fcber das beliebte Superfood - Blog - GGM Gastro International EN","og_description":"Die Avocado ist in allermunde. Im Supermarkt ist das kleine Superfood inzwischen \u00fcberall erh\u00e4ltlich. Auch auf den Speisekarten von Restaurants und Caf\u00e9s nehmen die Gerichte mit Avocado stetig zu. Doch was steckt tats\u00e4chlich unter der Schale? Was genau ist die Avocado? Ist sie eine Frucht? Ist sie ein Gem\u00fcse? &#8211; Oftmals findet man die Avocado [&hellip;]","og_url":"https:\/\/blog.ggmgastro.com\/en\/2021\/04\/24\/avocado-nur-ein-trend-oder-was-steckt-tatsaechlich-dahinter-fakten-ueber-das-beliebte-superfood\/","og_site_name":"Blog - GGM Gastro International EN","article_published_time":"2021-04-24T09:00:00+00:00","article_modified_time":"2021-04-23T11:57:43+00:00","og_image":[{"width":1707,"height":2560,"url":"https:\/\/blog.ggmgastro.com\/en\/wp-content\/uploads\/sites\/10\/2021\/04\/isabella-and-louisa-fischer-4L0KvF123mM-unsplash-scaled.jpg","type":"image\/jpeg"}],"twitter_card":"summary_large_image","twitter_misc":{"Verfasst von":"Content Management 2","Gesch\u00e4tzte Lesezeit":"3 Minuten"},"schema":{"@context":"https:\/\/schema.org","@graph":[{"@type":"WebSite","@id":"https:\/\/blog.ggmgastro.com\/en\/#website","url":"https:\/\/blog.ggmgastro.com\/en\/","name":"Blog - GGM Gastro International EN","description":"Everything about gastronomy!","potentialAction":[{"@type":"SearchAction","target":{"@type":"EntryPoint","urlTemplate":"https:\/\/blog.ggmgastro.com\/en\/?s={search_term_string}"},"query-input":"required name=search_term_string"}],"inLanguage":"de-DE"},{"@type":"ImageObject","@id":"https:\/\/blog.ggmgastro.com\/en\/2021\/04\/24\/avocado-nur-ein-trend-oder-was-steckt-tatsaechlich-dahinter-fakten-ueber-das-beliebte-superfood\/#primaryimage","inLanguage":"de-DE","url":"https:\/\/blog.ggmgastro.com\/en\/wp-content\/uploads\/sites\/10\/2021\/04\/isabella-and-louisa-fischer-4L0KvF123mM-unsplash-scaled.jpg","contentUrl":"https:\/\/blog.ggmgastro.com\/en\/wp-content\/uploads\/sites\/10\/2021\/04\/isabella-and-louisa-fischer-4L0KvF123mM-unsplash-scaled.jpg","width":1707,"height":2560},{"@type":"WebPage","@id":"https:\/\/blog.ggmgastro.com\/en\/2021\/04\/24\/avocado-nur-ein-trend-oder-was-steckt-tatsaechlich-dahinter-fakten-ueber-das-beliebte-superfood\/#webpage","url":"https:\/\/blog.ggmgastro.com\/en\/2021\/04\/24\/avocado-nur-ein-trend-oder-was-steckt-tatsaechlich-dahinter-fakten-ueber-das-beliebte-superfood\/","name":"Avocado \u2013 Nur ein Trend oder was steckt tats\u00e4chlich dahinter? Fakten \u00fcber das beliebte Superfood - Blog - GGM Gastro International EN","isPartOf":{"@id":"https:\/\/blog.ggmgastro.com\/en\/#website"},"primaryImageOfPage":{"@id":"https:\/\/blog.ggmgastro.com\/en\/2021\/04\/24\/avocado-nur-ein-trend-oder-was-steckt-tatsaechlich-dahinter-fakten-ueber-das-beliebte-superfood\/#primaryimage"},"datePublished":"2021-04-24T09:00:00+00:00","dateModified":"2021-04-23T11:57:43+00:00","author":{"@id":"https:\/\/blog.ggmgastro.com\/en\/#\/schema\/person\/b9c6916d70ea180e7685eae40c5dd0ca"},"breadcrumb":{"@id":"https:\/\/blog.ggmgastro.com\/en\/2021\/04\/24\/avocado-nur-ein-trend-oder-was-steckt-tatsaechlich-dahinter-fakten-ueber-das-beliebte-superfood\/#breadcrumb"},"inLanguage":"de-DE","potentialAction":[{"@type":"ReadAction","target":["https:\/\/blog.ggmgastro.com\/en\/2021\/04\/24\/avocado-nur-ein-trend-oder-was-steckt-tatsaechlich-dahinter-fakten-ueber-das-beliebte-superfood\/"]}]},{"@type":"BreadcrumbList","@id":"https:\/\/blog.ggmgastro.com\/en\/2021\/04\/24\/avocado-nur-ein-trend-oder-was-steckt-tatsaechlich-dahinter-fakten-ueber-das-beliebte-superfood\/#breadcrumb","itemListElement":[{"@type":"ListItem","position":1,"name":"Startseite","item":"https:\/\/blog.ggmgastro.com\/en\/"},{"@type":"ListItem","position":2,"name":"Avocado \u2013 Nur ein Trend oder was steckt tats\u00e4chlich dahinter? Fakten \u00fcber das beliebte Superfood"}]},{"@type":"Person","@id":"https:\/\/blog.ggmgastro.com\/en\/#\/schema\/person\/b9c6916d70ea180e7685eae40c5dd0ca","name":"Content Management 2","url":"https:\/\/blog.ggmgastro.com\/en\/author\/content-management-2\/"}]}},"_links":{"self":[{"href":"https:\/\/blog.ggmgastro.com\/en\/wp-json\/wp\/v2\/posts\/5315"}],"collection":[{"href":"https:\/\/blog.ggmgastro.com\/en\/wp-json\/wp\/v2\/posts"}],"about":[{"href":"https:\/\/blog.ggmgastro.com\/en\/wp-json\/wp\/v2\/types\/post"}],"author":[{"embeddable":true,"href":"https:\/\/blog.ggmgastro.com\/en\/wp-json\/wp\/v2\/users\/7"}],"replies":[{"embeddable":true,"href":"https:\/\/blog.ggmgastro.com\/en\/wp-json\/wp\/v2\/comments?post=5315"}],"version-history":[{"count":5,"href":"https:\/\/blog.ggmgastro.com\/en\/wp-json\/wp\/v2\/posts\/5315\/revisions"}],"predecessor-version":[{"id":5323,"href":"https:\/\/blog.ggmgastro.com\/en\/wp-json\/wp\/v2\/posts\/5315\/revisions\/5323"}],"wp:featuredmedia":[{"embeddable":true,"href":"https:\/\/blog.ggmgastro.com\/en\/wp-json\/wp\/v2\/media\/5319"}],"wp:attachment":[{"href":"https:\/\/blog.ggmgastro.com\/en\/wp-json\/wp\/v2\/media?parent=5315"}],"wp:term":[{"taxonomy":"category","embeddable":true,"href":"https:\/\/blog.ggmgastro.com\/en\/wp-json\/wp\/v2\/categories?post=5315"},{"taxonomy":"post_tag","embeddable":true,"href":"https:\/\/blog.ggmgastro.com\/en\/wp-json\/wp\/v2\/tags?post=5315"}],"curies":[{"name":"wp","href":"https:\/\/api.w.org\/{rel}","templated":true}]}}